{"id":1781,"date":"2026-04-26T12:04:15","date_gmt":"2026-04-26T12:04:15","guid":{"rendered":"https:\/\/tsv-bigge-olsberg.de\/?p=1781"},"modified":"2026-04-26T12:04:16","modified_gmt":"2026-04-26T12:04:16","slug":"sportlerin-und-sportler-des-jahres-2026-mia-benke-und-felix-nieder","status":"publish","type":"post","link":"https:\/\/tsv-bigge-olsberg.de\/?p=1781","title":{"rendered":"Sportlerin und Sportler des Jahres 2026: Mia Benke und Felix Nieder"},"content":{"rendered":"\n<p>Im Rahmen unserer Mitgliederversammlung am 24.04.2026 wurden Mia Benke (Turnen) und Felix Nieder (Leichtathletik) f\u00fcr ihre besonderen Leistungen im vergangenen Jahr geehrt.<\/p>\n\n\n\n<p>Mia Benke hat 2024 und 2025 die Bezirksmeisterschaft im Ger\u00e4teturnen des Sauerl\u00e4nder Turngau gewonnen sowie die Bezirksmeisterschaft mit der Mannschaft 2025. Zudem ist sie 2025 Gaumeisterin im Ger\u00e4teturnen in der Altersklasse D (Jahrgang 13\/14) geworden. Ihre Paradedisziplin ist der Schwebebalken, bei der sie das Finale im Ger\u00e4teturnen  in der Leistungsklasse 4 gewonnen hat. <\/p>\n\n\n\n<p>Felix Nieder (Jahrgang 2012) aus Brilon wurde schon zum zweiten Mal als Sportler des Jahres geehrt, da er herausragende Leistungen besonders im Mittel- und Langstreckenlauf erbracht hat.  So gewann er 2025 den City-Lauf in Neheim, den Silvesterlauf von Werl nach Soest sowie das Herbst-Meeting M13 in Hagen \u00fcber 800m. Bei der Westfalenmeisterschaft in Recklinghausen belegte er in der Altersklasse M13 den 5. Platz sowie bei der Hallen-Westfalenmeisterschaft in Dortmund Platz 3 in der Altersklasse M14. Jeweils den zweiten Platz \u00fcber 800m erreichte er beim Westfalen-Therme-Meeting in Paderborn sowie beim Junior Adventscup in Dortmund.  Felix kann nicht nur Mittel- und Langstrecke, er gewann auch das Herst-Meeting in Oeventrop in den Disziplinen 75m und Weitsprung.   <\/p>\n\n\n\n<p>Zu diesen tollen Leistungen gratulieren wir herzlich und sagen: Weiter so!<\/p>\n\n\n\n<p>Das Foto zeigt die beiden Geehrten mit ihren Trainern Barbara Richter und Samuel Vorderw\u00fclbecke.<\/p>\n","protected":false},"excerpt":{"rendered":"<div class=\"mh-excerpt\"><p>Im Rahmen unserer Mitgliederversammlung am 24.04.2026 wurden Mia Benke (Turnen) und Felix Nieder (Leichtathletik) f\u00fcr ihre besonderen Leistungen im vergangenen Jahr geehrt. Mia Benke hat 2024 und 2025 die Bezirksmeisterschaft im Ger\u00e4teturnen des Sauerl\u00e4nder Turngau <a class=\"mh-excerpt-more\" href=\"https:\/\/tsv-bigge-olsberg.de\/?p=1781\" title=\"Sportlerin und Sportler des Jahres 2026: Mia Benke und Felix Nieder\">[&#8230;]<\/a><\/p>\n<\/div>","protected":false},"author":5,"featured_media":1788,"comment_status":"closed","ping_status":"closed","sticky":false,"template":"","format":"standard","meta":{"ngg_post_thumbnail":0},"categories":[3],"tags":[],"_links":{"self":[{"href":"https:\/\/tsv-bigge-olsberg.de\/index.php?rest_route=\/wp\/v2\/posts\/1781"}],"collection":[{"href":"https:\/\/tsv-bigge-olsberg.de\/index.php?rest_route=\/wp\/v2\/posts"}],"about":[{"href":"https:\/\/tsv-bigge-olsberg.de\/index.php?rest_route=\/wp\/v2\/types\/post"}],"author":[{"embeddable":true,"href":"https:\/\/tsv-bigge-olsberg.de\/index.php?rest_route=\/wp\/v2\/users\/5"}],"replies":[{"embeddable":true,"href":"https:\/\/tsv-bigge-olsberg.de\/index.php?rest_route=%2Fwp%2Fv2%2Fcomments&post=1781"}],"version-history":[{"count":2,"href":"https:\/\/tsv-bigge-olsberg.de\/index.php?rest_route=\/wp\/v2\/posts\/1781\/revisions"}],"predecessor-version":[{"id":1785,"href":"https:\/\/tsv-bigge-olsberg.de\/index.php?rest_route=\/wp\/v2\/posts\/1781\/revisions\/1785"}],"wp:featuredmedia":[{"embeddable":true,"href":"https:\/\/tsv-bigge-olsberg.de\/index.php?rest_route=\/wp\/v2\/media\/1788"}],"wp:attachment":[{"href":"https:\/\/tsv-bigge-olsberg.de\/index.php?rest_route=%2Fwp%2Fv2%2Fmedia&parent=1781"}],"wp:term":[{"taxonomy":"category","embeddable":true,"href":"https:\/\/tsv-bigge-olsberg.de\/index.php?rest_route=%2Fwp%2Fv2%2Fcategories&post=1781"},{"taxonomy":"post_tag","embeddable":true,"href":"https:\/\/tsv-bigge-olsberg.de\/index.php?rest_route=%2Fwp%2Fv2%2Ftags&post=1781"}],"curies":[{"name":"wp","href":"https:\/\/api.w.org\/{rel}","templated":true}]}}